{"id":409,"date":"2025-08-20T10:04:47","date_gmt":"2025-08-20T10:04:47","guid":{"rendered":"https:\/\/www.amisdesaintange.com\/?p=409"},"modified":"2025-08-22T08:44:45","modified_gmt":"2025-08-22T08:44:45","slug":"la-famille-de-roys-de-ledignan","status":"publish","type":"post","link":"https:\/\/www.amisdesaintange.com\/?p=409","title":{"rendered":"La famille de Roys de L\u00e9dignan"},"content":{"rendered":"\t\t<div data-elementor-type=\"wp-post\" data-elementor-id=\"409\" class=\"elementor elementor-409\">\n\t\t\t\t<div class=\"elementor-element elementor-element-517d4adc e-flex e-con-boxed e-con e-parent\" data-id=\"517d4adc\" data-element_type=\"container\">\n\t\t\t\t\t<div class=\"e-con-inner\">\n\t\t\t\t<div class=\"elementor-element elementor-element-6139adb0 elementor-widget__width-inherit elementor-widget elementor-widget-text-editor\" data-id=\"6139adb0\" data-element_type=\"widget\" data-widget_type=\"text-editor.default\">\n\t\t\t\t<div class=\"elementor-widget-container\">\n\t\t\t\t\t\t\t\t\t<p><\/p>\n<p>La famille de Roys de 1817 \u00e0 nos jours, install\u00e9e a Saint Ange:<\/p>\n<p><\/p>\n<p>C\u2019est donc avec J\u00e9r\u00f4me Joseph \u00a0( 1891- Montpellier &#8211; 1882 &#8211; Paris)\u00a0 , X pont 1807, et enterr\u00e9 \u00e0 Saint Ange, avec son mariage avec Virginie de Rennel, comtesse de Lescut et du Saint Empire, que la famille de Roys, proven\u00e7ale, ou administrativement \u00a0proven\u00e7alo- languedocienne depuis la nuit des temps,\u00a0 va s\u2019\u00e9tablir \u00e0 Saint Ange,<\/p>\n<p><\/p>\n<p><span style=\"font-size: 14px;\">Aujourd\u2019hui, c\u2019est le 7eme degr\u00e9 Seine-et-Marnais\u00a0 qui poursuit plus de 2 si\u00e8cles de pr\u00e9sence<\/span><\/p>\n<p><\/p>\n<p>J\u00e9r\u00f4me\u00a0 Joseph\u00a0 \u00a0 \u00a0 \u00a0 \u00a0 \u00a0 \u00a0 \u00a0 1791 &#8211; 1882 \u00a0 \u00a0 \u00a0 \u00a0Virginie de Rennel\u00a0 \u00a0 \u00a0 \u00a0 \u00a0 \u00a0 \u00a0 \u00a0 \u00a0 \u00a0 \u00a0 \u00a0 \u00a0 \u00a0 \u00a0 \u00a0 1795 &#8211; 1844<\/p>\n<p><\/p>\n<p>Victor Anne Conrad \u00a0 \u00a0 \u00a0 \u00a0 \u00a01818 &#8211; 1846\u00a0 \u00a0 \u00a0 \u00a0 Mathilde Le Charron\u00a0 \u00a0 \u00a0 \u00a0 \u00a0 \u00a0 \u00a0 \u00a0 \u00a0 \u00a0 \u00a0 \u00a0 \u00a0 \u00a0 1821 &#8211; 1896<\/p>\n<p><\/p>\n<p>Richard Timol\u00e9on \u00a0 \u00a0 \u00a0 \u00a0 \u00a0 \u00a0 \u00a01839 &#8211; 1886 \u00a0 \u00a0 \u00a0\u00a0 Marie de Montangon\u00a0 \u00a0 \u00a0 \u00a0 \u00a0 \u00a0 \u00a0 \u00a0 \u00a0 \u00a0 \u00a0 \u00a0 \u00a0 \u00a01851 &#8211; 1887<\/p>\n<p><\/p>\n<p>Roland Nicolas\u00a0 \u00a0 \u00a0 \u00a0 \u00a0 \u00a0 \u00a0 \u00a0 \u00a0 \u00a01873 &#8211; 1915\u00a0 \u00a0 \u00a0 \u00a0 Mathilde Marchal\u00a0 \u00a0 \u00a0 \u00a0 \u00a0 \u00a0 \u00a0 \u00a0 \u00a0 \u00a0 \u00a0 \u00a0 \u00a0 \u00a0 \u00a0 \u00a0 \u00a01870 &#8211; 1932<\/p>\n<p><\/p>\n<p>Ren\u00e9 Hubert \u00a0 \u00a0 \u00a0 \u00a0 \u00a0 \u00a0 \u00a0 \u00a0 \u00a0 \u00a0 \u00a0 1898 &#8211; 1945 \u00a0 \u00a0 \u00a0 \u00a0Th\u00e9r\u00e8se Geoffroy\u00a0 \u00a0 \u00a0 \u00a0 \u00a0 \u00a0 \u00a0 \u00a0 \u00a0 \u00a0 \u00a0 \u00a0 \u00a0 \u00a0 \u00a0 \u00a0 \u00a0 1907 &#8211; 1986<\/p>\n<p><\/p>\n<p>Roland G\u00e9rard\u00a0 \u00a0 \u00a0 \u00a0 \u00a0 \u00a0 \u00a0 \u00a0 \u00a0 \u00a0 1934 &#8211; 2017 \u00a0 \u00a0 \u00a0 \u00a0Maria Christina de Liechtenstein\u00a0 \u00a0 \u00a0 \u00a0 \u00a01933 &#8211; 2009<\/p>\n<p><\/p>\n<p>J\u00e9r\u00f4me Hubert\u00a0 \u00a0 \u00a0 \u00a0 \u00a0 \u00a0 \u00a0 \u00a0 \u00a0 \u00a01942- 2024\u00a0 \u00a0 \u00a0 \u00a0 \u00a0 Martine Cassone\u00a0 \u00a0 \u00a0 \u00a0 \u00a0 \u00a0 \u00a0 \u00a0 \u00a0 \u00a0 \u00a0 \u00a0 \u00a0 \u00a0 \u00a0 \u00a0 \u00a0 \u00a01948 &#8211; 20xx<\/p>\n<p><\/p>\n<p>Guillaume Timol\u00e9on\u00a0 \u00a0 \u00a0 \u00a0 \u00a0 \u00a01983-20xx\u00a0 \u00a0 \u00a0 \u00a0 \u00a0 \u00a0 Caroline Pintaud\u00a0 \u00a0 \u00a0 \u00a0 \u00a0 \u00a0 \u00a0 \u00a0 \u00a0 \u00a0 \u00a0 \u00a0 \u00a0 \u00a0 \u00a0 \u00a0 \u00a0 \u00a0 \u00a0198x-20xx<\/p>\n<p><\/p>\n<p>Pierre Victor Anne-Conrad 1985-20xx\u00a0<\/p>\n<p><\/p>\n<p>Benjamin Fran\u00e7ois Joseph\u00a0 \u00a01987-20xx<\/p>\n<p><\/p>\n<p>\u00a0<\/p>\n<p><\/p>\n<p>Guillaume Timol\u00e9on (1983),\u00a0Pierre Victor (1985), Benjamin Fran\u00e7ois-Joseph (1987)\u00a0 sont la septi\u00e8me et actuelle g\u00e9n\u00e9ration en charge du pr\u00e9sent et de l\u2019avenir de la famille de Roys \u00e0 Saint Ange,<\/p>\n<p><\/p>\n<p>ci-dessous, vous trouverez quelques photos de la famille de Roys \u00e0 Saint Ange<\/p>\n<p><\/p>\t\t\t\t\t\t\t\t<\/div>\n\t\t\t\t<\/div>\n\t\t\t\t\t<\/div>\n\t\t\t\t<\/div>\n\t\t<div class=\"elementor-element elementor-element-bac26eb e-grid e-con-full e-con e-parent\" data-id=\"bac26eb\" data-element_type=\"container\">\n\t\t\t\t<div class=\"elementor-element elementor-element-a66552c elementor-widget elementor-widget-image\" data-id=\"a66552c\" data-element_type=\"widget\" data-widget_type=\"image.default\">\n\t\t\t\t<div class=\"elementor-widget-container\">\n\t\t\t\t\t\t\t\t\t\t\t\t\t\t\t<img fetchpriority=\"high\" decoding=\"async\" width=\"625\" height=\"833\" src=\"https:\/\/www.amisdesaintange.com\/wp-content\/uploads\/2025\/08\/1931-Rene-de-Roys-et-sa-mere-devant-le-salon-de-Saint-Ange-768x1024.jpg\" class=\"attachment-large size-large wp-image-386\" alt=\"1931- Rene de Roys et sa m\u00e8re devant le salon de Saint Ange\" srcset=\"https:\/\/www.amisdesaintange.com\/wp-content\/uploads\/2025\/08\/1931-Rene-de-Roys-et-sa-mere-devant-le-salon-de-Saint-Ange-768x1024.jpg 768w, https:\/\/www.amisdesaintange.com\/wp-content\/uploads\/2025\/08\/1931-Rene-de-Roys-et-sa-mere-devant-le-salon-de-Saint-Ange-225x300.jpg 225w, https:\/\/www.amisdesaintange.com\/wp-content\/uploads\/2025\/08\/1931-Rene-de-Roys-et-sa-mere-devant-le-salon-de-Saint-Ange-1152x1536.jpg 1152w, https:\/\/www.amisdesaintange.com\/wp-content\/uploads\/2025\/08\/1931-Rene-de-Roys-et-sa-mere-devant-le-salon-de-Saint-Ange-1536x2048.jpg 1536w, https:\/\/www.amisdesaintange.com\/wp-content\/uploads\/2025\/08\/1931-Rene-de-Roys-et-sa-mere-devant-le-salon-de-Saint-Ange-624x832.jpg 624w, https:\/\/www.amisdesaintange.com\/wp-content\/uploads\/2025\/08\/1931-Rene-de-Roys-et-sa-mere-devant-le-salon-de-Saint-Ange-scaled.jpg 1920w\" sizes=\"(max-width: 625px) 100vw, 625px\" \/>\t\t\t\t\t\t\t\t\t\t\t\t\t\t\t<\/div>\n\t\t\t\t<\/div>\n\t\t\t\t<div class=\"elementor-element elementor-element-2e099f1 elementor-widget elementor-widget-image\" data-id=\"2e099f1\" data-element_type=\"widget\" data-widget_type=\"image.default\">\n\t\t\t\t<div class=\"elementor-widget-container\">\n\t\t\t\t\t\t\t\t\t\t\t\t\t\t\t<img decoding=\"async\" width=\"625\" height=\"833\" src=\"https:\/\/www.amisdesaintange.com\/wp-content\/uploads\/2025\/08\/1926_Rene_de_Roys_et_Barka_a_Saint_Ange-768x1024.jpg\" class=\"attachment-large size-large wp-image-385\" alt=\"Ren\u00e9 de Roys et Barka \u00e0 Saint Ange (1926)\" srcset=\"https:\/\/www.amisdesaintange.com\/wp-content\/uploads\/2025\/08\/1926_Rene_de_Roys_et_Barka_a_Saint_Ange-768x1024.jpg 768w, https:\/\/www.amisdesaintange.com\/wp-content\/uploads\/2025\/08\/1926_Rene_de_Roys_et_Barka_a_Saint_Ange-225x300.jpg 225w, https:\/\/www.amisdesaintange.com\/wp-content\/uploads\/2025\/08\/1926_Rene_de_Roys_et_Barka_a_Saint_Ange-1152x1536.jpg 1152w, https:\/\/www.amisdesaintange.com\/wp-content\/uploads\/2025\/08\/1926_Rene_de_Roys_et_Barka_a_Saint_Ange-1536x2048.jpg 1536w, https:\/\/www.amisdesaintange.com\/wp-content\/uploads\/2025\/08\/1926_Rene_de_Roys_et_Barka_a_Saint_Ange-624x832.jpg 624w, https:\/\/www.amisdesaintange.com\/wp-content\/uploads\/2025\/08\/1926_Rene_de_Roys_et_Barka_a_Saint_Ange-scaled.jpg 1920w\" sizes=\"(max-width: 625px) 100vw, 625px\" \/>\t\t\t\t\t\t\t\t\t\t\t\t\t\t\t<\/div>\n\t\t\t\t<\/div>\n\t\t\t\t<div class=\"elementor-element elementor-element-04096b9 elementor-widget elementor-widget-image\" data-id=\"04096b9\" data-element_type=\"widget\" data-widget_type=\"image.default\">\n\t\t\t\t<div class=\"elementor-widget-container\">\n\t\t\t\t\t\t\t\t\t\t\t\t\t\t\t<img decoding=\"async\" width=\"531\" height=\"709\" src=\"https:\/\/www.amisdesaintange.com\/wp-content\/uploads\/2025\/08\/1908-Rene-et-Richard-de-Roys-enfants-Gontron-du-Coudray.bmp\" class=\"attachment-large size-large wp-image-384\" alt=\"1908 - Rene et Richard de Roys enfants avec Gontron du Coudray\" \/>\t\t\t\t\t\t\t\t\t\t\t\t\t\t\t<\/div>\n\t\t\t\t<\/div>\n\t\t\t\t<div class=\"elementor-element elementor-element-487c2e0 elementor-widget elementor-widget-image\" data-id=\"487c2e0\" data-element_type=\"widget\" data-widget_type=\"image.default\">\n\t\t\t\t<div class=\"elementor-widget-container\">\n\t\t\t\t\t\t\t\t\t\t\t\t\t\t\t<img loading=\"lazy\" decoding=\"async\" width=\"625\" height=\"454\" src=\"https:\/\/www.amisdesaintange.com\/wp-content\/uploads\/2025\/08\/Papa_et_Richard_pastel_de_Melle_Nourse_001.bmp.bmp\" class=\"attachment-large size-large wp-image-388\" alt=\"Ren\u00e9 et Richard, pastel de Melle Nourse\" \/>\t\t\t\t\t\t\t\t\t\t\t\t\t\t\t<\/div>\n\t\t\t\t<\/div>\n\t\t\t\t<div class=\"elementor-element elementor-element-88766dd elementor-widget elementor-widget-image\" data-id=\"88766dd\" data-element_type=\"widget\" data-widget_type=\"image.default\">\n\t\t\t\t<div class=\"elementor-widget-container\">\n\t\t\t\t\t\t\t\t\t\t\t\t\t\t\t<img loading=\"lazy\" decoding=\"async\" width=\"625\" height=\"851\" src=\"https:\/\/www.amisdesaintange.com\/wp-content\/uploads\/2025\/08\/1933.03.03-Mariage-Rene-de-Roys-et-Therese-Geoffroy-752x1024.jpg\" class=\"attachment-large size-large wp-image-387\" alt=\"03 mars 1933 Mariage Ren\u00e9 de Roys et Th\u00e9r\u00e8se Geoffroy\" srcset=\"https:\/\/www.amisdesaintange.com\/wp-content\/uploads\/2025\/08\/1933.03.03-Mariage-Rene-de-Roys-et-Therese-Geoffroy-752x1024.jpg 752w, https:\/\/www.amisdesaintange.com\/wp-content\/uploads\/2025\/08\/1933.03.03-Mariage-Rene-de-Roys-et-Therese-Geoffroy-220x300.jpg 220w, https:\/\/www.amisdesaintange.com\/wp-content\/uploads\/2025\/08\/1933.03.03-Mariage-Rene-de-Roys-et-Therese-Geoffroy-768x1046.jpg 768w, https:\/\/www.amisdesaintange.com\/wp-content\/uploads\/2025\/08\/1933.03.03-Mariage-Rene-de-Roys-et-Therese-Geoffroy-1128x1536.jpg 1128w, https:\/\/www.amisdesaintange.com\/wp-content\/uploads\/2025\/08\/1933.03.03-Mariage-Rene-de-Roys-et-Therese-Geoffroy-1504x2048.jpg 1504w, https:\/\/www.amisdesaintange.com\/wp-content\/uploads\/2025\/08\/1933.03.03-Mariage-Rene-de-Roys-et-Therese-Geoffroy-624x850.jpg 624w, https:\/\/www.amisdesaintange.com\/wp-content\/uploads\/2025\/08\/1933.03.03-Mariage-Rene-de-Roys-et-Therese-Geoffroy-scaled.jpg 1879w\" sizes=\"(max-width: 625px) 100vw, 625px\" \/>\t\t\t\t\t\t\t\t\t\t\t\t\t\t\t<\/div>\n\t\t\t\t<\/div>\n\t\t\t\t<div class=\"elementor-element elementor-element-639da0f elementor-widget elementor-widget-image\" data-id=\"639da0f\" data-element_type=\"widget\" data-widget_type=\"image.default\">\n\t\t\t\t<div class=\"elementor-widget-container\">\n\t\t\t\t\t\t\t\t\t\t\t\t\t\t\t<img loading=\"lazy\" decoding=\"async\" width=\"625\" height=\"833\" src=\"https:\/\/www.amisdesaintange.com\/wp-content\/uploads\/2025\/08\/Jerome-de-Roys-768x1024.jpg\" class=\"attachment-large size-large wp-image-389\" alt=\"Jerome de Roys\" srcset=\"https:\/\/www.amisdesaintange.com\/wp-content\/uploads\/2025\/08\/Jerome-de-Roys-768x1024.jpg 768w, https:\/\/www.amisdesaintange.com\/wp-content\/uploads\/2025\/08\/Jerome-de-Roys-225x300.jpg 225w, https:\/\/www.amisdesaintange.com\/wp-content\/uploads\/2025\/08\/Jerome-de-Roys-1152x1536.jpg 1152w, https:\/\/www.amisdesaintange.com\/wp-content\/uploads\/2025\/08\/Jerome-de-Roys-1536x2048.jpg 1536w, https:\/\/www.amisdesaintange.com\/wp-content\/uploads\/2025\/08\/Jerome-de-Roys-624x832.jpg 624w, https:\/\/www.amisdesaintange.com\/wp-content\/uploads\/2025\/08\/Jerome-de-Roys-scaled.jpg 1920w\" sizes=\"(max-width: 625px) 100vw, 625px\" \/>\t\t\t\t\t\t\t\t\t\t\t\t\t\t\t<\/div>\n\t\t\t\t<\/div>\n\t\t\t\t<\/div>\n\t\t\t\t<\/div>\n\t\t","protected":false},"excerpt":{"rendered":"<p>La famille de Roys de 1817 \u00e0 nos jours, install\u00e9e a Saint Ange: C\u2019est donc avec J\u00e9r\u00f4me Joseph \u00a0( 1891- Montpellier &#8211; 1882 &#8211; Paris)\u00a0 , X pont 1807, et enterr\u00e9 \u00e0 Saint Ange, avec son mariage avec Virginie de Rennel, comtesse de Lescut et du Saint Empire, que la famille de Roys, proven\u00e7ale, ou [&hellip;]<\/p>\n","protected":false},"author":1,"featured_media":0,"comment_status":"open","ping_status":"open","sticky":false,"template":"","format":"standard","meta":{"footnotes":""},"categories":[6,4],"tags":[],"class_list":["post-409","post","type-post","status-publish","format-standard","hentry","category-articles","category-histoire-de-saint-ange"],"_links":{"self":[{"href":"https:\/\/www.amisdesaintange.com\/index.php?rest_route=\/wp\/v2\/posts\/409","targetHints":{"allow":["GET"]}}],"collection":[{"href":"https:\/\/www.amisdesaintange.com\/index.php?rest_route=\/wp\/v2\/posts"}],"about":[{"href":"https:\/\/www.amisdesaintange.com\/index.php?rest_route=\/wp\/v2\/types\/post"}],"author":[{"embeddable":true,"href":"https:\/\/www.amisdesaintange.com\/index.php?rest_route=\/wp\/v2\/users\/1"}],"replies":[{"embeddable":true,"href":"https:\/\/www.amisdesaintange.com\/index.php?rest_route=%2Fwp%2Fv2%2Fcomments&post=409"}],"version-history":[{"count":4,"href":"https:\/\/www.amisdesaintange.com\/index.php?rest_route=\/wp\/v2\/posts\/409\/revisions"}],"predecessor-version":[{"id":413,"href":"https:\/\/www.amisdesaintange.com\/index.php?rest_route=\/wp\/v2\/posts\/409\/revisions\/413"}],"wp:attachment":[{"href":"https:\/\/www.amisdesaintange.com\/index.php?rest_route=%2Fwp%2Fv2%2Fmedia&parent=409"}],"wp:term":[{"taxonomy":"category","embeddable":true,"href":"https:\/\/www.amisdesaintange.com\/index.php?rest_route=%2Fwp%2Fv2%2Fcategories&post=409"},{"taxonomy":"post_tag","embeddable":true,"href":"https:\/\/www.amisdesaintange.com\/index.php?rest_route=%2Fwp%2Fv2%2Ftags&post=409"}],"curies":[{"name":"wp","href":"https:\/\/api.w.org\/{rel}","templated":true}]}}